{"id":561,"date":"2015-06-02T14:19:51","date_gmt":"2015-06-02T14:19:51","guid":{"rendered":"https:\/\/equitest.co\/testing\/?p=561"},"modified":"2020-09-08T14:49:57","modified_gmt":"2020-09-08T14:49:57","slug":"fise-feria-internacional-del-sector-electrico","status":"publish","type":"post","link":"https:\/\/equitest.co\/testing\/2015\/06\/02\/fise-feria-internacional-del-sector-electrico\/","title":{"rendered":"FISE &#8211; Feria Internacional del Sector El\u00e9ctrico"},"content":{"rendered":"<div id=\"pl-561\"  class=\"panel-layout\" >\n<div id=\"pg-561-0\"  class=\"panel-grid panel-no-style\"  data-style=\"{&quot;background_image_attachment&quot;:false,&quot;background_display&quot;:&quot;tile&quot;,&quot;cell_alignment&quot;:&quot;flex-start&quot;}\" >\n<div id=\"pgc-561-0-0\"  class=\"panel-grid-cell\"  data-weight=\"1\" >\n<div id=\"panel-561-0-0-0\" class=\"so-panel widget widget_media_image panel-first-child\" data-index=\"0\" data-style=\"{&quot;background_image_attachment&quot;:false,&quot;background_display&quot;:&quot;tile&quot;}\" >[siteorigin_widget class=\u00bbWP_Widget_Media_Image\u00bb]<input type=\"hidden\" value=\"{&quot;instance&quot;:{&quot;size&quot;:&quot;full&quot;,&quot;width&quot;:1080,&quot;height&quot;:50,&quot;caption&quot;:&quot;&quot;,&quot;alt&quot;:&quot;&quot;,&quot;link_type&quot;:&quot;&quot;,&quot;link_url&quot;:&quot;&quot;,&quot;image_classes&quot;:&quot;&quot;,&quot;link_classes&quot;:&quot;&quot;,&quot;link_rel&quot;:&quot;&quot;,&quot;link_target_blank&quot;:false,&quot;image_title&quot;:&quot;&quot;,&quot;attachment_id&quot;:76,&quot;url&quot;:&quot;https:\\\/\\\/equitest.co\\\/testing\\\/wp-content\\\/uploads\\\/2020\\\/09\\\/top.jpg&quot;,&quot;title&quot;:&quot;&quot;,&quot;so_sidebar_emulator_id&quot;:&quot;media_image-56110000&quot;,&quot;option_name&quot;:&quot;widget_media_image&quot;},&quot;args&quot;:{&quot;before_widget&quot;:&quot;&lt;div id=\\&quot;panel-561-0-0-0\\&quot; class=\\&quot;so-panel widget widget_media_image panel-first-child\\&quot; data-index=\\&quot;0\\&quot; data-style=\\&quot;{&amp;quot;background_image_attachment&amp;quot;:false,&amp;quot;background_display&amp;quot;:&amp;quot;tile&amp;quot;}\\&quot; &gt;&quot;,&quot;after_widget&quot;:&quot;&lt;\\\/div&gt;&quot;,&quot;before_title&quot;:&quot;&lt;h3 class=\\&quot;widget-title\\&quot;&gt;&quot;,&quot;after_title&quot;:&quot;&lt;\\\/h3&gt;&quot;,&quot;widget_id&quot;:&quot;widget-0-0-0&quot;}}\" \/>[\/siteorigin_widget]<\/div>\n<div id=\"panel-561-0-0-1\" class=\"so-panel widget widget_black-studio-tinymce widget_black_studio_tinymce\" data-index=\"1\" data-style=\"{&quot;background_image_attachment&quot;:false,&quot;background_display&quot;:&quot;tile&quot;}\" >\n<div class=\"textwidget\">\n<h1 style=\"text-align: justify;\"><span style=\"font-family: 'book antiqua', palatino, serif; font-size: 24pt;\">Sobre la feria<\/span><\/h1>\n<p>&nbsp;<\/p>\n<p style=\"text-align: justify;\"><span style=\"font-family: 'book antiqua', palatino, serif;\">FISE, la Feria Internacional del Sector El\u00e9ctrico\u00a0realiza su sexta edici\u00f3n en 2015,\u00a0 con el firme prop\u00f3sito de afianzarse como un escenario comercial que propicia contactos y acuerdos de negocios para empresarios nacionales e internacionales, buscando integrar la industria el\u00e9ctrica en Latinoam\u00e9rica desde la regi\u00f3n.<\/span><\/p>\n<p style=\"text-align: justify;\"><span style=\"font-family: 'book antiqua', palatino, serif;\">En Plaza Mayor Convenciones y Exposiciones los d\u00edas 25, 26, y 27 de noviembre de 2015, cerca de 230 empresas l\u00edderes del sector entre ellas EQUITEST COLOMBIA S.A.S. y alrededor de 13.000 visitantes profesionales, se dar\u00e1n cita en este espacio especializado; en el que participar\u00e1n empresas del sector el\u00e9ctrico y proveedoras de bienes y servicios conexos, tales como: empresas generadoras, transportadoras, distribuidores de energ\u00eda y suministradoras de materias primas, materiales, equipos, inversionistas, firmas de ingenier\u00eda, empresas de consultor\u00eda, universidades y centros de investigaci\u00f3n y desarrollo; \u00a0con la opci\u00f3n de concretar relaciones comerciales para generar negocios,\u00a0 incrementar sus ventas y expansi\u00f3n en mercados nacionales e internacionales.<\/span><\/p>\n<p style=\"text-align: justify;\"><span style=\"font-family: 'book antiqua', palatino, serif;\">As\u00ed FISE se traduce en una oportunidad de relacionamiento \u00a0\u00fanico para las empresas participantes, que sumado a la muestra comercial, las actividades acad\u00e9micas, el encuentro de oferta y demanda en el mismo espacio, la convierten en un epicentro de negocios y promoci\u00f3n empresarial, que propende por la\u00a0 mejora de la competitividad y dinamizaci\u00f3n de la actividad productiva y comercial tanto para el mercado \u00a0local, exportaci\u00f3n o como plataforma de negocios entre visitantes y expositores de fuera de Colombia.<\/span><\/p>\n<p style=\"text-align: justify;\"><span style=\"font-family: 'book antiqua', palatino, serif;\">Acompa\u00f1a a EQUITEST COLOMBIA S.A.S desde el Pabellon Azul Stand AZ &#8211; 092.<\/span><\/p>\n<p style=\"text-align: justify;\"><span style=\"font-family: 'book antiqua', palatino, serif;\">Fuente:\u00a0http:\/\/www.feriasectorelectrico.com.co\/<\/span><\/p>\n<\/div>\n<\/div>\n<div id=\"panel-561-0-0-2\" class=\"so-panel widget widget_media_image panel-last-child\" data-index=\"2\" data-style=\"{&quot;background_image_attachment&quot;:false,&quot;background_display&quot;:&quot;tile&quot;}\" >[siteorigin_widget class=\u00bbWP_Widget_Media_Image\u00bb]<input type=\"hidden\" value=\"{&quot;instance&quot;:{&quot;size&quot;:&quot;full&quot;,&quot;width&quot;:1000,&quot;height&quot;:662,&quot;caption&quot;:&quot;&quot;,&quot;alt&quot;:&quot;&quot;,&quot;link_type&quot;:&quot;&quot;,&quot;link_url&quot;:&quot;&quot;,&quot;image_classes&quot;:&quot;&quot;,&quot;link_classes&quot;:&quot;&quot;,&quot;link_rel&quot;:&quot;&quot;,&quot;link_target_blank&quot;:false,&quot;image_title&quot;:&quot;&quot;,&quot;attachment_id&quot;:562,&quot;url&quot;:&quot;https:\\\/\\\/equitest.co\\\/testing\\\/wp-content\\\/uploads\\\/2020\\\/09\\\/PDI_131128_CCMA_FISE_SEGUNDO_DA_0460-e1599575937481.jpg&quot;,&quot;title&quot;:&quot;&quot;,&quot;so_sidebar_emulator_id&quot;:&quot;media_image-56110002&quot;,&quot;option_name&quot;:&quot;widget_media_image&quot;},&quot;args&quot;:{&quot;before_widget&quot;:&quot;&lt;div id=\\&quot;panel-561-0-0-2\\&quot; class=\\&quot;so-panel widget widget_media_image panel-last-child\\&quot; data-index=\\&quot;2\\&quot; data-style=\\&quot;{&amp;quot;background_image_attachment&amp;quot;:false,&amp;quot;background_display&amp;quot;:&amp;quot;tile&amp;quot;}\\&quot; &gt;&quot;,&quot;after_widget&quot;:&quot;&lt;\\\/div&gt;&quot;,&quot;before_title&quot;:&quot;&lt;h3 class=\\&quot;widget-title\\&quot;&gt;&quot;,&quot;after_title&quot;:&quot;&lt;\\\/h3&gt;&quot;,&quot;widget_id&quot;:&quot;widget-0-0-2&quot;}}\" \/>[\/siteorigin_widget]<\/div>\n<\/div>\n<\/div>\n<\/div>\n<style type=\"text\/css\" class=\"panels-style\" data-panels-style-for-post=\"561\">@import url(https:\/\/equitest.co\/testing\/wp-content\/plugins\/siteorigin-panels\/css\/front-flex.min.css); #pgc-561-0-0 { width:100%;width:calc(100% - ( 0 * 30px ) ) } #pl-561 .so-panel { margin-bottom:30px } #pl-561 .so-panel:last-child { margin-bottom:0px } #pg-561-0.panel-no-style, #pg-561-0.panel-has-style > .panel-row-style { -webkit-align-items:flex-start;align-items:flex-start } @media (max-width:780px){ #pg-561-0.panel-no-style, #pg-561-0.panel-has-style > .panel-row-style { -webkit-flex-direction:column;-ms-flex-direction:column;flex-direction:column } #pg-561-0 > .panel-grid-cell , #pg-561-0 > .panel-row-style > .panel-grid-cell { width:100%;margin-right:0 } #pl-561 .panel-grid-cell { padding:0 } #pl-561 .panel-grid .panel-grid-cell-empty { display:none } #pl-561 .panel-grid .panel-grid-cell-mobile-last { margin-bottom:0px }  } <\/style>\n","protected":false},"excerpt":{"rendered":"<p>[siteorigin_widget class=\u00bbWP_Widget_Media_Image\u00bb][\/siteorigin_widget] Sobre la feria &nbsp; FISE, la Feria Internacional del Sector El\u00e9ctrico\u00a0realiza su sexta edici\u00f3n en 2015,\u00a0 con el firme prop\u00f3sito de afianzarse como un escenario comercial que propicia contactos y acuerdos de negocios para empresarios nacionales e internacionales, buscando integrar la industria el\u00e9ctrica en Latinoam\u00e9rica desde la regi\u00f3n. En Plaza Mayor Convenciones y [&hellip;]<\/p>\n","protected":false},"author":1,"featured_media":0,"comment_status":"open","ping_status":"open","sticky":false,"template":"","format":"standard","meta":{"_et_pb_use_builder":"","_et_pb_old_content":"","_et_gb_content_width":"","footnotes":""},"categories":[1],"tags":[],"class_list":["post-561","post","type-post","status-publish","format-standard","hentry","category-noticias"],"_links":{"self":[{"href":"https:\/\/equitest.co\/testing\/wp-json\/wp\/v2\/posts\/561","targetHints":{"allow":["GET"]}}],"collection":[{"href":"https:\/\/equitest.co\/testing\/wp-json\/wp\/v2\/posts"}],"about":[{"href":"https:\/\/equitest.co\/testing\/wp-json\/wp\/v2\/types\/post"}],"author":[{"embeddable":true,"href":"https:\/\/equitest.co\/testing\/wp-json\/wp\/v2\/users\/1"}],"replies":[{"embeddable":true,"href":"https:\/\/equitest.co\/testing\/wp-json\/wp\/v2\/comments?post=561"}],"version-history":[{"count":16,"href":"https:\/\/equitest.co\/testing\/wp-json\/wp\/v2\/posts\/561\/revisions"}],"predecessor-version":[{"id":578,"href":"https:\/\/equitest.co\/testing\/wp-json\/wp\/v2\/posts\/561\/revisions\/578"}],"wp:attachment":[{"href":"https:\/\/equitest.co\/testing\/wp-json\/wp\/v2\/media?parent=561"}],"wp:term":[{"taxonomy":"category","embeddable":true,"href":"https:\/\/equitest.co\/testing\/wp-json\/wp\/v2\/categories?post=561"},{"taxonomy":"post_tag","embeddable":true,"href":"https:\/\/equitest.co\/testing\/wp-json\/wp\/v2\/tags?post=561"}],"curies":[{"name":"wp","href":"https:\/\/api.w.org\/{rel}","templated":true}]}}